{"id":12963,"date":"2023-01-10T08:52:02","date_gmt":"2023-01-10T08:52:02","guid":{"rendered":"https:\/\/viasabadell.es\/ca\/?p=12963"},"modified":"2023-05-26T07:31:19","modified_gmt":"2023-05-26T07:31:19","slug":"rebajas-via-sabadell","status":"publish","type":"post","link":"https:\/\/viasabadell.es\/ca\/rebajas-via-sabadell\/","title":{"rendered":"Comencen les rebaixes al centre comercial Via Sabadell!"},"content":{"rendered":"<style type=\"text\/css\"><\/style><div id=\"cmsmasters_row_69f3cb88cd9c34_35692666\" class=\"cmsmasters_row cmsmasters_color_scheme_default cmsmasters_row_top_default cmsmasters_row_bot_default cmsmasters_row_boxed\">\n<div class=\"cmsmasters_row_outer_parent\">\n<div class=\"cmsmasters_row_outer\">\n<div class=\"cmsmasters_row_inner\">\n<div class=\"cmsmasters_row_margin\">\n<div class=\"cmsmasters_column one_first\">\n<div class=\"cmsmasters_text\">\n<h1 class=\"wp-block-heading\"><strong>Comencen les rebaixes al centre comercial Via Sabadell! <\/strong><\/h1>\n<p>El moment que estaves esperant ja est\u00e0 aqu\u00ed. Les rebaixes d\u2019hivern arriben al nostre centre comercial Via Sabadell. Aprofita aquesta oportunitat i visita el nostre espai per trobar les millors ofertes i descomptes en botigues de <a href=\"https:\/\/viasabadell.es\/ca\/plano-del-centro\/decoracio\/\">decoraci\u00f3<\/a>, <a href=\"https:\/\/viasabadell.es\/ca\/plano-del-centro\/electronica\/\">electr\u00f2nica<\/a>, <a href=\"https:\/\/viasabadell.es\/ca\/plano-del-centro\/bricolatge\/\">bricolatge<\/a>, etc.<\/p>\n<p><!-- \/wp:post-content --><\/p>\n<p><!-- wp:image {\"id\":12967,\"sizeSlug\":\"large\",\"linkDestination\":\"none\"} --><\/p>\n<figure class=\"wp-block-image size-large\"><img loading=\"lazy\" decoding=\"async\" class=\"alignnone wp-image-12967\" src=\"https:\/\/viasabadell.es\/wp-content\/uploads\/2023\/01\/IMG_7381-1-1024x699.jpg\" alt=\"Rebaixes Via Sabadell\" width=\"1024\" height=\"699\" srcset=\"https:\/\/viasabadell.es\/wp-content\/uploads\/2023\/01\/IMG_7381-1-1024x699.jpg 1024w, https:\/\/viasabadell.es\/wp-content\/uploads\/2023\/01\/IMG_7381-1-300x205.jpg 300w, https:\/\/viasabadell.es\/wp-content\/uploads\/2023\/01\/IMG_7381-1-768x524.jpg 768w, https:\/\/viasabadell.es\/wp-content\/uploads\/2023\/01\/IMG_7381-1-1536x1049.jpg 1536w, https:\/\/viasabadell.es\/wp-content\/uploads\/2023\/01\/IMG_7381-1-2048x1399.jpg 2048w, https:\/\/viasabadell.es\/wp-content\/uploads\/2023\/01\/IMG_7381-1-580x396.jpg 580w, https:\/\/viasabadell.es\/wp-content\/uploads\/2023\/01\/IMG_7381-1-860x587.jpg 860w, https:\/\/viasabadell.es\/wp-content\/uploads\/2023\/01\/IMG_7381-1-1160x792.jpg 1160w\" sizes=\"auto, (max-width: 1024px) 100vw, 1024px\" \/><\/figure>\n<p><!-- \/wp:image --><\/p>\n<p><!-- wp:heading --><\/p>\n<h2><strong>Grans ofertes i descomptes a Via Sabadell<\/strong><\/h2>\n<p><!-- \/wp:heading --><\/p>\n<p>Si est\u00e0s buscant nova decoraci\u00f3 per casa teva, unes noves bambes per fer running, o renovar el teu matal\u00e0s, al centre comercial Via Sabadell t\u2019oferim una oferta comercial molt atractiva i amb descomptes espectaculars.<\/p>\n<p>Entre la nostres botigues podr\u00e0s trobar: <a href=\"https:\/\/www.leroymerlin.es\/tiendas\/sabadell.html\" target=\"_blank\" rel=\"noreferrer noopener\">Leroy Merlin<\/a>, <a href=\"https:\/\/www.mediamarkt.es\/es\/store\/sabadell-6034\" target=\"_blank\" rel=\"noreferrer noopener nofollow\">MediaMarkt<\/a>, <a href=\"https:\/\/www.conforama.es\/tiendas\/tienda-sabadell,-barcelona-conforama\" target=\"_blank\" rel=\"noreferrer noopener nofollow\">Conforama<\/a>, <a href=\"https:\/\/dormity.com\/tiendas-de-colchones-en-sabadell\" data-type=\"URL\" data-id=\"https:\/\/dormity.com\/tiendas-de-colchones-en-sabadell\" target=\"_blank\" rel=\"noopener\">Dormity<\/a>, <a href=\"https:\/\/eggo.es\/nuestras-exposiciones\/sabadell\/\" target=\"_blank\" rel=\"noopener\">Eggo<\/a><strong>, <\/strong><a href=\"https:\/\/www.galeriasdeltresillo.com\/tiendas\/sabadell-parc-via-sabadell\" target=\"_blank\" rel=\"noreferrer noopener\">Galerias del Tresillo<\/a>, <a href=\"https:\/\/www.globix.es\/\" target=\"_blank\" rel=\"noreferrer noopener\">Globix Il\u00b7luminaci\u00f3,<\/a> <a href=\"https:\/\/www.maxcolchon.com\/tienda-de-colchones-en-sabadell.html\" target=\"_blank\" rel=\"noreferrer noopener\">Max Colchon<\/a>, <a href=\"https:\/\/www.mueblesboom.com\/tiendas-de-muebles\/barcelona\/sabadell\/\" target=\"_blank\" rel=\"noopener\">Mobles BOOM<\/a>, <a href=\"https:\/\/www.instagram.com\/elimhome\/\" data-type=\"URL\" data-id=\"https:\/\/www.instagram.com\/elimhome\/\" target=\"_blank\" rel=\"noopener\">Elim Home<\/a>, <a href=\"https:\/\/www.banak.com\/tiendas\" data-type=\"URL\" data-id=\"https:\/\/www.banak.com\/tiendas\" target=\"_blank\" rel=\"noopener\">Banak<\/a>,<a href=\"https:\/\/kenayhome.com\/es\/nuestras-tiendas\" target=\"_blank\" rel=\"noreferrer noopener\"> Kenay<\/a>, <a href=\"https:\/\/www.tiendanimal.es\/tienda-de-productos-para-mascotas-en-sabadell.html\" data-type=\"URL\" data-id=\"https:\/\/www.tiendanimal.es\/tienda-de-productos-para-mascotas-en-sabadell.html\" target=\"_blank\" rel=\"noopener\">Tienda Animal<\/a>, <a href=\"https:\/\/primaprix.eu\/es\/tiendas\/\" data-type=\"URL\" data-id=\"https:\/\/primaprix.eu\/es\/tiendas\/\" target=\"_blank\" rel=\"noopener\">Primaprix<\/a> i la nostre recent apertura <a href=\"https:\/\/www.walashop.com\/es\/sabadell\" data-type=\"URL\" data-id=\"https:\/\/www.walashop.com\/es\/sabadell\" target=\"_blank\" rel=\"noopener\">Wala.<\/a><\/p>\n<p>La immillorable ubicaci\u00f3 del nostre centre comercial, accessibilitat i gran varietat de serveis far\u00e0 que la teva experi\u00e8ncia de compres sigui \u00fanica. A m\u00e9s, perqu\u00e8 la teva jornada de shopping sigui perfecte et recomanem que aprofitis la teva visita i gaudeixis de la nostra amplia oferta de restauraci\u00f3 entre els que podr\u00e0s trobar: <a href=\"https:\/\/www.instagram.com\/bierwurst_frankfurts\/\" data-type=\"URL\" data-id=\"https:\/\/www.instagram.com\/bierwurst_frankfurts\/\" target=\"_blank\" rel=\"noopener\">Bier&#038;Wurst<\/a>, <a href=\"https:\/\/restaurantcasacandido.business.site\/\" target=\"_blank\" rel=\"noreferrer noopener\">Casa C\u00e1ndido<\/a>, <a href=\"https:\/\/www.viena.es\/es\/restaurants\/\" target=\"_blank\" rel=\"noreferrer noopener\" data-type=\"URL\" data-id=\"https:\/\/www.viena.es\/es\/restaurants\/\">Viena<\/a>, <a href=\"https:\/\/fostershollywood.es\/restaurantes\/barcelona\/sabadell\/fh-sabadell\" target=\"_blank\" rel=\"noreferrer noopener\" data-type=\"URL\" data-id=\"https:\/\/fostershollywood.es\/restaurantes\/barcelona\/sabadell\/fh-sabadell\">Foster\u2019s Hollywood<\/a>, <a href=\"https:\/\/www.latagliatella.es\/restaurantes\/sabadell\/parc-via-sabadell-sabadel\" target=\"_blank\" rel=\"noreferrer noopener\" data-type=\"URL\" data-id=\"https:\/\/www.latagliatella.es\/restaurantes\/sabadell\/parc-via-sabadell-sabadel\">La Tagliatella<\/a>, <a href=\"https:\/\/mcdonalds.es\/restaurantes\" target=\"_blank\" rel=\"noreferrer noopener\" data-type=\"URL\" data-id=\"https:\/\/mcdonalds.es\/restaurantes\">McDonald\u2019s<\/a>, <a href=\"https:\/\/www.pansandcompany.com\/donde-hay-un-pans?\" target=\"_blank\" rel=\"noreferrer noopener\" data-type=\"URL\" data-id=\"https:\/\/www.pansandcompany.com\/donde-hay-un-pans?\">Pans &#038; Company<\/a> y<a href=\"https:\/\/www.udon.com\/restaurantes\/Sabadell\" target=\"_blank\" rel=\"noreferrer noopener\" data-type=\"URL\" data-id=\"https:\/\/www.udon.com\/restaurantes\/Sabadell\"> Udon<\/a>.<\/p>\n<p><!-- \/wp:paragraph --><\/p>\n<p>Vine a gaudir de les rebaixes d\u2019hivern 2023 al <strong>Centre Comercial Via Sabadell<\/strong> i troba tot el que necessitis a uns preus incre\u00efbles!<\/p>\n<p><!-- \/wp:paragraph --><\/p>\n<\/div>\n<\/div>\n<\/div>\n<\/div>\n<\/div>\n<\/div>\n<\/div>\n","protected":false},"excerpt":{"rendered":"","protected":false},"author":4,"featured_media":12967,"comment_status":"closed","ping_status":"closed","sticky":false,"template":"","format":"standard","meta":{"footnotes":""},"categories":[20],"tags":[],"class_list":["post-12963","post","type-post","status-publish","format-standard","has-post-thumbnail","hentry","category-via-sabadell"],"_links":{"self":[{"href":"https:\/\/viasabadell.es\/ca\/wp-json\/wp\/v2\/posts\/12963","targetHints":{"allow":["GET"]}}],"collection":[{"href":"https:\/\/viasabadell.es\/ca\/wp-json\/wp\/v2\/posts"}],"about":[{"href":"https:\/\/viasabadell.es\/ca\/wp-json\/wp\/v2\/types\/post"}],"author":[{"embeddable":true,"href":"https:\/\/viasabadell.es\/ca\/wp-json\/wp\/v2\/users\/4"}],"replies":[{"embeddable":true,"href":"https:\/\/viasabadell.es\/ca\/wp-json\/wp\/v2\/comments?post=12963"}],"version-history":[{"count":0,"href":"https:\/\/viasabadell.es\/ca\/wp-json\/wp\/v2\/posts\/12963\/revisions"}],"wp:featuredmedia":[{"embeddable":true,"href":"https:\/\/viasabadell.es\/ca\/wp-json\/wp\/v2\/media\/12967"}],"wp:attachment":[{"href":"https:\/\/viasabadell.es\/ca\/wp-json\/wp\/v2\/media?parent=12963"}],"wp:term":[{"taxonomy":"category","embeddable":true,"href":"https:\/\/viasabadell.es\/ca\/wp-json\/wp\/v2\/categories?post=12963"},{"taxonomy":"post_tag","embeddable":true,"href":"https:\/\/viasabadell.es\/ca\/wp-json\/wp\/v2\/tags?post=12963"}],"curies":[{"name":"wp","href":"https:\/\/api.w.org\/{rel}","templated":true}]}}