{"id":13781,"date":"2024-09-24T11:56:50","date_gmt":"2024-09-24T11:56:50","guid":{"rendered":"https:\/\/viasabadell.es\/ca\/?p=13781"},"modified":"2024-10-22T12:34:31","modified_gmt":"2024-10-22T12:34:31","slug":"centre-comercial-en-el-valles","status":"publish","type":"post","link":"https:\/\/viasabadell.es\/ca\/centre-comercial-en-el-valles\/","title":{"rendered":"Descobreix el Centre Comercial al Vall\u00e8s: Un Espai per a Tothom al Vall\u00e8s Occidental"},"content":{"rendered":"<style type=\"text\/css\"><\/style>\n<h1 class=\"wp-block-heading\">Descobreix el Centre Comercial al Vall\u00e8s: Un Espai per a Tothom al Vall\u00e8s Occidental<\/h1>\n\n\n\n<p>Si est\u00e0s buscant un lloc on puguis gaudir d\u2019un dia complet de compres, oci i gastronomia, el Centre Comercial Via Sabadell al Vall\u00e8s \u00e9s la destinaci\u00f3 perfecta. Ubicat al cor del Vall\u00e8s Occidental, aquest centre comercial ofereix una experi\u00e8ncia \u00fanica per a tota la fam\u00edlia, amb una \u00e0mplia varietat de botigues, restaurants i opcions d\u2019entreteniment. Ja sigui que visquis a la zona o estiguis de visita, aqu\u00ed trobar\u00e0s tot el necessari per passar un dia inoblidable.<\/p>\n\n\n\n<figure class=\"wp-block-image size-large\"><img decoding=\"async\" width=\"1024\" height=\"683\" src=\"https:\/\/viasabadell.es\/wp-content\/uploads\/2022\/04\/43-1024x683.jpg\" alt=\"Centro comercia Valles\" class=\"wp-image-12355\" srcset=\"https:\/\/viasabadell.es\/wp-content\/uploads\/2022\/04\/43-1024x683.jpg 1024w, https:\/\/viasabadell.es\/wp-content\/uploads\/2022\/04\/43-300x200.jpg 300w, https:\/\/viasabadell.es\/wp-content\/uploads\/2022\/04\/43-768x512.jpg 768w, https:\/\/viasabadell.es\/wp-content\/uploads\/2022\/04\/43-1536x1024.jpg 1536w, https:\/\/viasabadell.es\/wp-content\/uploads\/2022\/04\/43-2048x1365.jpg 2048w, https:\/\/viasabadell.es\/wp-content\/uploads\/2022\/04\/43-580x387.jpg 580w, https:\/\/viasabadell.es\/wp-content\/uploads\/2022\/04\/43-860x573.jpg 860w, https:\/\/viasabadell.es\/wp-content\/uploads\/2022\/04\/43-1160x773.jpg 1160w\" sizes=\"(max-width: 1024px) 100vw, 1024px\" \/><\/figure>\n\n\n\n<h2 class=\"wp-block-heading\">Varietat de Botigues al Vall\u00e8s<\/h2>\n\n\n\n<p>La varietat \u00e9s clau quan es tracta d\u2019un bon centre comercial, i el Via Sabadell ho compleix amb escreix. Des de botigues de moda, tecnologia, esport, fins a establiments de la llar i bellesa, aquest centre ofereix opcions per a tots els gustos i necessitats. Marques reconegudes i locals especialitzats estan disponibles en un sol lloc, facilitant la teva experi\u00e8ncia de compra sense necessitat de despla\u00e7ar-te a diferents punts.<\/p>\n\n\n\n<p>Si ets un entusiasta de les compres, aqu\u00ed trobar\u00e0s tot tipus de productes, des de les \u00faltimes tend\u00e8ncies en roba i cal\u00e7at, fins a gadgets tecnol\u00f2gics o articles per a la llar. La combinaci\u00f3 de grans marques i botigues locals crea un equilibri perfecte entre varietat i exclusivitat.<\/p>\n\n\n\n<h2 class=\"wp-block-heading\">Restauraci\u00f3 al Centre Comercial del Vall\u00e8s Occidental, Via Sabadell<\/h2>\n\n\n\n<p>Un dels majors atractius del Via Sabadell \u00e9s la seva oferta en restauraci\u00f3. No nom\u00e9s podr\u00e0s fer les teves compres, sin\u00f3 que tamb\u00e9 podr\u00e0s gaudir d\u2019una \u00e0mplia gamma d\u2019opcions gastron\u00f2miques. Des de menjar r\u00e0pid fins a restaurants m\u00e9s sofisticats, trobar\u00e0s alguna cosa per a cada ocasi\u00f3 i paladar.<\/p>\n\n\n\n<p>Pots gaudir d\u2019un dia complet al centre, on despr\u00e9s de rec\u00f3rrer les botigues, pots relaxar-te en un dels restaurants que ofereixen menjar delici\u00f3s i un ambient acollidor. A m\u00e9s, per a aquells que busquen alguna cosa m\u00e9s que compres, el centre tamb\u00e9 compta amb un gimn\u00e0s modern, fet que el converteix en un lloc ideal per a qualsevol pla.<\/p>\n\n\n\n<h2 class=\"wp-block-heading\">Comoditat i Accessibilitat: Aparcament Gratu\u00eft i M\u00e9s<\/h2>\n\n\n\n<p>Un dels aspectes m\u00e9s valorats pels visitants del Via Sabadell \u00e9s la comoditat del seu aparcament gratu\u00eft. Sabem que a vegades trobar on aparcar pot ser un repte, per\u00f2 aqu\u00ed aquest problema desapareix. Pots gaudir del teu dia sense preocupar-te pel temps o els costos addicionals, fet que sens dubte \u00e9s un gran punt a favor.<\/p>\n\n\n\n<p>En la meva experi\u00e8ncia, aquesta \u00e9s una de les raons principals per les quals el centre comercial s\u2019ha convertit en el meu preferit. No nom\u00e9s hi puc accedir f\u00e0cilment, sin\u00f3 que l\u2019ambient c\u00f2mode i organitzat em permet gaudir del dia sense preocupacions.<\/p>\n\n\n\n<h2 class=\"wp-block-heading\">Per Qu\u00e8 Visitar Aquest Centre Comercial al Vall\u00e8s?<\/h2>\n\n\n\n<p>En resum, el Centre Comercial al Vall\u00e8s \u00e9s molt m\u00e9s que un espai per a compres. \u00c9s un lloc on la varietat de botigues, les opcions d\u2019oci i la gastronomia s\u2019uneixen per crear una experi\u00e8ncia completa. A m\u00e9s, la facilitat d\u2019acc\u00e9s i l\u2019aparcament gratu\u00eft fan que la teva visita sigui c\u00f2moda i sense entrebancs.<\/p>\n\n\n\n<p>Si est\u00e0s al Vall\u00e8s Occidental i vols gaudir d\u2019un dia perfecte, aquest \u00e9s el lloc indicat. Et convido a que ho descobreixis per tu mateix i aprofitis tot el que t\u00e9 per oferir. Per a m\u00e9s informaci\u00f3 sobre el centre i com arribar-hi, o si tens alguna consulta, pots visitar el seu centre comercial.<\/p>\n\n\n\n<p>Via Sabadell no \u00e9s nom\u00e9s un lloc per fer compres, sin\u00f3 un espai dissenyat per oferir una experi\u00e8ncia integral, on cada visita es converteix en un pla ideal per gaudir en companyia d\u2019amics o fam\u00edlia.<\/p>\n","protected":false},"excerpt":{"rendered":"<p>Descobreix el Centre Comercial al Vall\u00e8s: Un Espai per a Tothom al Vall\u00e8s Occidental Si est\u00e0s buscant un lloc on puguis gaudir d\u2019un dia complet de compres, oci i gastronomia, el Centre Comercial Via Sabadell al Vall\u00e8s \u00e9s la destinaci\u00f3 perfecta. Ubicat al cor del Vall\u00e8s Occidental, aquest centre comercial ofereix una experi\u00e8ncia \u00fanica per&#8230;<\/p>\n","protected":false},"author":4,"featured_media":12237,"comment_status":"closed","ping_status":"closed","sticky":false,"template":"","format":"standard","meta":{"footnotes":""},"categories":[20],"tags":[],"class_list":["post-13781","post","type-post","status-publish","format-standard","has-post-thumbnail","hentry","category-via-sabadell"],"_links":{"self":[{"href":"https:\/\/viasabadell.es\/ca\/wp-json\/wp\/v2\/posts\/13781","targetHints":{"allow":["GET"]}}],"collection":[{"href":"https:\/\/viasabadell.es\/ca\/wp-json\/wp\/v2\/posts"}],"about":[{"href":"https:\/\/viasabadell.es\/ca\/wp-json\/wp\/v2\/types\/post"}],"author":[{"embeddable":true,"href":"https:\/\/viasabadell.es\/ca\/wp-json\/wp\/v2\/users\/4"}],"replies":[{"embeddable":true,"href":"https:\/\/viasabadell.es\/ca\/wp-json\/wp\/v2\/comments?post=13781"}],"version-history":[{"count":1,"href":"https:\/\/viasabadell.es\/ca\/wp-json\/wp\/v2\/posts\/13781\/revisions"}],"predecessor-version":[{"id":13798,"href":"https:\/\/viasabadell.es\/ca\/wp-json\/wp\/v2\/posts\/13781\/revisions\/13798"}],"wp:featuredmedia":[{"embeddable":true,"href":"https:\/\/viasabadell.es\/ca\/wp-json\/wp\/v2\/media\/12237"}],"wp:attachment":[{"href":"https:\/\/viasabadell.es\/ca\/wp-json\/wp\/v2\/media?parent=13781"}],"wp:term":[{"taxonomy":"category","embeddable":true,"href":"https:\/\/viasabadell.es\/ca\/wp-json\/wp\/v2\/categories?post=13781"},{"taxonomy":"post_tag","embeddable":true,"href":"https:\/\/viasabadell.es\/ca\/wp-json\/wp\/v2\/tags?post=13781"}],"curies":[{"name":"wp","href":"https:\/\/api.w.org\/{rel}","templated":true}]}}