{"id":14377,"date":"2026-03-12T09:29:50","date_gmt":"2026-03-12T09:29:50","guid":{"rendered":"https:\/\/viasabadell.es\/?p=14377"},"modified":"2026-03-17T09:04:07","modified_gmt":"2026-03-17T09:04:07","slug":"estacion-de-carga-via-sabadell","status":"publish","type":"post","link":"https:\/\/viasabadell.es\/ca\/estacion-de-carga-via-sabadell\/","title":{"rendered":"Via Sabadell i la seva estaci\u00f3 de c\u00e0rrega per a cotxe el\u00e8ctric: un servei que millora la visita al centre comercial"},"content":{"rendered":"<style type=\"text\/css\"><\/style>\n<h1 class=\"wp-block-heading\"><strong>Via Sabadell i la seva estaci\u00f3 de c\u00e0rrega per a cotxe el\u00e8ctric: un servei que millora la visita al centre comercial<\/strong><\/h1>\n\n\n\n<figure class=\"wp-block-image size-large\"><img decoding=\"async\" width=\"1024\" height=\"683\" src=\"https:\/\/viasabadell.es\/wp-content\/uploads\/2026\/03\/3A0A3316-1024x683.jpg\" alt=\"\" class=\"wp-image-14378\" srcset=\"https:\/\/viasabadell.es\/wp-content\/uploads\/2026\/03\/3A0A3316-1024x683.jpg 1024w, https:\/\/viasabadell.es\/wp-content\/uploads\/2026\/03\/3A0A3316-300x200.jpg 300w, https:\/\/viasabadell.es\/wp-content\/uploads\/2026\/03\/3A0A3316-768x512.jpg 768w, https:\/\/viasabadell.es\/wp-content\/uploads\/2026\/03\/3A0A3316-580x387.jpg 580w, https:\/\/viasabadell.es\/wp-content\/uploads\/2026\/03\/3A0A3316-860x573.jpg 860w, https:\/\/viasabadell.es\/wp-content\/uploads\/2026\/03\/3A0A3316-1160x773.jpg 1160w, https:\/\/viasabadell.es\/wp-content\/uploads\/2026\/03\/3A0A3316.jpg 1200w\" sizes=\"(max-width: 1024px) 100vw, 1024px\" \/><\/figure>\n\n\n\n<p>Cada vegada m\u00e9s conductors busquen alguna cosa m\u00e9s que un aparcament quan es desplacen amb cotxe el\u00e8ctric. Tamb\u00e9 esperen trobar una soluci\u00f3 de rec\u00e0rrega que encaixi amb la seva rutina di\u00e0ria. En aquest context, <strong>Via Sabadell<\/strong> es posiciona com un centre comercial que ent\u00e9n b\u00e9 aquesta necessitat, ja que incorpora punts de c\u00e0rrega per a vehicles el\u00e8ctrics dins de la seva proposta de serveis.<\/p>\n\n\n\n<p>Aquest enfocament \u00e9s especialment rellevant en una cerca local com <strong>\u201cestaci\u00f3 de c\u00e0rrega per a cotxe el\u00e8ctric\u201d<\/strong>, perqu\u00e8 l\u2019usuari no sempre vol trobar nom\u00e9s un mapa o una fitxa t\u00e8cnica. Moltes vegades el que necessita \u00e9s saber si pot aprofitar una visita quotidiana per carregar el vehicle sense desviar la seva ruta. Aqu\u00ed \u00e9s on Via Sabadell guanya inter\u00e8s: la rec\u00e0rrega s\u2019integra en una activitat ja prevista, com fer compres, dinar o resoldre gestions dins del recinte.<\/p>\n\n\n\n<h2 class=\"wp-block-heading\"><strong>Un centre comercial que adapta els seus serveis a la mobilitat el\u00e8ctrica<\/strong><\/h2>\n\n\n\n<p>Durant anys, molts continguts sobre rec\u00e0rrega han girat al voltant de llistats gen\u00e8rics per ciutat. Aquest tipus de p\u00e0gines permeten consultar punts de rec\u00e0rrega, operadors, connectors o mapes, per\u00f2 sovint no expliquen qu\u00e8 aporta realment un lloc concret a l\u2019experi\u00e8ncia de l\u2019usuari.<\/p>\n\n\n\n<p>Un centre comercial, en canvi, pot oferir una cosa diferent: context d\u2019\u00fas real. En lloc de limitar-se a dir que existeix una estaci\u00f3 de c\u00e0rrega, pot convertir la rec\u00e0rrega en una part natural de l\u2019experi\u00e8ncia de visita. Aix\u00f2 \u00e9s el que fa especialment interessant el cas de Via Sabadell. La disponibilitat de carregadors dins del recinte respon a una l\u00f2gica de comoditat: el conductor pot deixar el cotxe carregant mentre dedica aquest temps a altres tasques. Des del punt de vista de l\u2019usuari, aix\u00f2 redueix friccions, evita despla\u00e7aments addicionals i millora la percepci\u00f3 del mateix centre comercial.<\/p>\n\n\n\n<h2 class=\"wp-block-heading\"><strong>Per qu\u00e8 disposar de punts de c\u00e0rrega marca la difer\u00e8ncia<\/strong><\/h2>\n\n\n\n<p>Que un centre comercial disposi de carregadors ja no \u00e9s un detall menor. Per a molts usuaris de cotxe el\u00e8ctric, pot decantar la balan\u00e7a a l\u2019hora d\u2019escollir un dest\u00ed davant d\u2019un altre. No nom\u00e9s per comoditat, sin\u00f3 perqu\u00e8 la infraestructura de rec\u00e0rrega p\u00fablica continua sent un factor clau en l\u2019expansi\u00f3 de la mobilitat el\u00e8ctrica.<\/p>\n\n\n\n<p>Des d\u2019aquesta perspectiva, Via Sabadell encaixa molt b\u00e9 amb all\u00f2 que molts conductors valoren: una ubicaci\u00f3 associada a una activitat ja planificada. No obliga a fer una parada a\u00efllada \u201cnom\u00e9s per carregar\u201d, sin\u00f3 que permet aprofitar el temps d\u2019estada. Aquest detall converteix l\u2019estaci\u00f3 de c\u00e0rrega per a cotxe el\u00e8ctric en un servei de valor afegit, no en un simple complement tecnol\u00f2gic.<\/p>\n\n\n\n<h2 class=\"wp-block-heading\"><strong>M\u00e9s que un aparcament: una experi\u00e8ncia de visita m\u00e9s c\u00f2moda<\/strong><\/h2>\n\n\n\n<p>Quan un centre comercial afegeix punts de rec\u00e0rrega, no nom\u00e9s suma una infraestructura. Tamb\u00e9 redefineix l\u2019experi\u00e8ncia d\u2019acc\u00e9s. El cotxe roman estacionat mentre l\u2019usuari aprofita el temps dins del recinte, cosa que converteix la visita en una opci\u00f3 m\u00e9s eficient.<\/p>\n\n\n\n<p>En el cas de Via Sabadell, aquesta integraci\u00f3 t\u00e9 sentit precisament perqu\u00e8 el servei encaixa amb el tipus de despla\u00e7ament que fa el visitant. El valor no \u00e9s nom\u00e9s \u201ctenir carregadors\u201d, sin\u00f3 que aquests carregadors s\u2019entenen com una part d\u2019una proposta de servei adaptada als nous h\u00e0bits de mobilitat. Aix\u00f2 refor\u00e7a la imatge del centre com un espai preparat per a les necessitats actuals dels seus visitants.<\/p>\n\n\n\n<h2 class=\"wp-block-heading\"><strong>Conclusi\u00f3<\/strong><\/h2>\n\n\n\n<p>Via Sabadell es pot presentar amb for\u00e7a com un centre comercial que disposa d\u2019<strong>estaci\u00f3 de c\u00e0rrega per a cotxe el\u00e8ctric<\/strong> i que converteix aquesta infraestructura en un avantatge pr\u00e0ctic per als seus visitants. Davant dels llistats generals de punts de c\u00e0rrega a Sabadell, aquest enfocament aporta una cosa m\u00e9s \u00fatil: explica per qu\u00e8 la rec\u00e0rrega en un centre comercial millora l\u2019experi\u00e8ncia, optimitza el temps i respon a una necessitat cada cop m\u00e9s habitual entre conductors de vehicle el\u00e8ctric.<\/p>\n\n\n\n<h2 class=\"wp-block-heading\"><strong>FAQ: Preguntes freq\u00fcents <\/strong><\/h2>\n\n\n<div id=\"rank-math-faq\" class=\"rank-math-block\">\n<div class=\"rank-math-list \">\n<div id=\"faq-question-1764589675223\" class=\"rank-math-list-item\">\n<h3 class=\"rank-math-question \"><strong><strong><strong><strong>Via Sabadell t\u00e9 punts de c\u00e0rrega per a cotxes el\u00e8ctrics?<\/strong><\/strong><\/strong><\/strong><\/h3>\n<div class=\"rank-math-answer \">\n\n<p>\u00a0S\u00ed, Via Sabadell es presenta com un espai que incorpora punts de c\u00e0rrega per facilitar la visita dels usuaris de vehicle el\u00e8ctric.<\/p>\n\n<\/div>\n<\/div>\n<div id=\"faq-question-1764589689059\" class=\"rank-math-list-item\">\n<h3 class=\"rank-math-question \"><strong><strong><strong><strong>Per qu\u00e8 \u00e9s \u00fatil carregar el cotxe en un centre comercial?<\/strong><\/strong><\/strong><\/strong><\/h3>\n<div class=\"rank-math-answer \">\n\n<p>Perqu\u00e8 permet aprofitar el temps d\u2019estada per recarregar el vehicle mentre es fan compres o altres gestions, evitant una parada extra nom\u00e9s per carregar.<\/p>\n\n<\/div>\n<\/div>\n<div id=\"faq-question-1764589709306\" class=\"rank-math-list-item\">\n<h3 class=\"rank-math-question \"><strong><strong><strong><strong>Aquest enfocament posiciona millor que una p\u00e0gina gen\u00e8rica?<\/strong><\/strong><\/strong><\/strong><\/h3>\n<div class=\"rank-math-answer \">\n\n<p>Pot fer-ho, perqu\u00e8 no es limita a llistar carregadors: respon millor a una intenci\u00f3 local i pr\u00e0ctica, centrada en la utilitat real del punt de c\u00e0rrega dins de Via Sabadell.<\/p>\n\n<\/div>\n<\/div>\n<\/div>\n<\/div>","protected":false},"excerpt":{"rendered":"<p>Via Sabadell i la seva estaci\u00f3 de c\u00e0rrega per a cotxe el\u00e8ctric: un servei que millora la visita al centre comercial Cada vegada m\u00e9s conductors busquen alguna cosa m\u00e9s que un aparcament quan es desplacen amb cotxe el\u00e8ctric. Tamb\u00e9 esperen trobar una soluci\u00f3 de rec\u00e0rrega que encaixi amb la seva rutina di\u00e0ria. En aquest context,&#8230;<\/p>\n","protected":false},"author":4,"featured_media":14378,"comment_status":"closed","ping_status":"closed","sticky":false,"template":"","format":"standard","meta":{"footnotes":""},"categories":[65],"tags":[],"class_list":["post-14377","post","type-post","status-publish","format-standard","has-post-thumbnail","hentry","category-consejos"],"_links":{"self":[{"href":"https:\/\/viasabadell.es\/ca\/wp-json\/wp\/v2\/posts\/14377","targetHints":{"allow":["GET"]}}],"collection":[{"href":"https:\/\/viasabadell.es\/ca\/wp-json\/wp\/v2\/posts"}],"about":[{"href":"https:\/\/viasabadell.es\/ca\/wp-json\/wp\/v2\/types\/post"}],"author":[{"embeddable":true,"href":"https:\/\/viasabadell.es\/ca\/wp-json\/wp\/v2\/users\/4"}],"replies":[{"embeddable":true,"href":"https:\/\/viasabadell.es\/ca\/wp-json\/wp\/v2\/comments?post=14377"}],"version-history":[{"count":2,"href":"https:\/\/viasabadell.es\/ca\/wp-json\/wp\/v2\/posts\/14377\/revisions"}],"predecessor-version":[{"id":14381,"href":"https:\/\/viasabadell.es\/ca\/wp-json\/wp\/v2\/posts\/14377\/revisions\/14381"}],"wp:featuredmedia":[{"embeddable":true,"href":"https:\/\/viasabadell.es\/ca\/wp-json\/wp\/v2\/media\/14378"}],"wp:attachment":[{"href":"https:\/\/viasabadell.es\/ca\/wp-json\/wp\/v2\/media?parent=14377"}],"wp:term":[{"taxonomy":"category","embeddable":true,"href":"https:\/\/viasabadell.es\/ca\/wp-json\/wp\/v2\/categories?post=14377"},{"taxonomy":"post_tag","embeddable":true,"href":"https:\/\/viasabadell.es\/ca\/wp-json\/wp\/v2\/tags?post=14377"}],"curies":[{"name":"wp","href":"https:\/\/api.w.org\/{rel}","templated":true}]}}