{"id":1965,"date":"2020-01-04T15:15:25","date_gmt":"2020-01-04T15:15:25","guid":{"rendered":"http:\/\/welfare.cmsmasters.net\/?p=1965"},"modified":"2023-05-25T09:14:34","modified_gmt":"2023-05-25T09:14:34","slug":"via-sabadell-estrena-nueva-web-centro-comercial","status":"publish","type":"post","link":"https:\/\/viasabadell.es\/ca\/via-sabadell-estrena-nueva-web-centro-comercial\/","title":{"rendered":"Via sabadell estrena nova web, per al Centre Comercial"},"content":{"rendered":"<style type=\"text\/css\"><\/style><div id=\"cmsmasters_row_69f46e10b5c672_90305986\" class=\"cmsmasters_row cmsmasters_color_scheme_default cmsmasters_row_top_default cmsmasters_row_bot_default cmsmasters_row_boxed\">\n<div class=\"cmsmasters_row_outer_parent\">\n<div class=\"cmsmasters_row_outer\">\n<div class=\"cmsmasters_row_inner\">\n<div class=\"cmsmasters_row_margin\">\n<div class=\"cmsmasters_column one_first\">\n<div class=\"cmsmasters_text\">\n<h1>El Centre Comercial estrena web<\/h1>\n<h2>\u00bfEt perds a la inmensitat de qualsevol web d&#8217;un Centre Comercial?<\/h2>\n<p>A Via Sabadell ho sabem i hem redissenyat la web del nostre Centre Comercial en conson\u00e0ncia al que esperes trobar-te. Una p\u00e0gina web \u00e0gil, senzilla i din\u00e0mica, amb una estructura de continguts molt intuitiva on trobar el que cerques no et costar\u00e0 m\u00e9s de 2 clics, malgrat la gran varietat de productes i serveis que oferim.<\/p>\n<p>Una web corporativa ha d&#8217;oferir informaci\u00f3 sobre una empresa o organitzaci\u00f3 que en general ofereix adem\u00e9s del que ven o oferta, maneres de posar-se en contacte amb tu. Pot incloure un n\u00famero de tel\u00e8fon, una adre\u00e7a de correu electr\u00f2nic o ambdues coses. Tamb\u00e9 pot proporcionar un mapa, direccions, horaris o un sistema de xat que permeti una comunicaci\u00f3 inmediata.<\/p>\n<p>&nbsp;<\/p>\n<p><img loading=\"lazy\" decoding=\"async\" class=\"alignnone wp-image-12763 size-full\" src=\"https:\/\/viasabadell.es\/wp-content\/uploads\/2020\/01\/nueva-web-del-centro-comercial-via-sabadell.jpg\" alt=\"nueva web del centro comercial via sabadell\" width=\"1200\" height=\"300\" srcset=\"https:\/\/viasabadell.es\/wp-content\/uploads\/2020\/01\/nueva-web-del-centro-comercial-via-sabadell.jpg 1200w, https:\/\/viasabadell.es\/wp-content\/uploads\/2020\/01\/nueva-web-del-centro-comercial-via-sabadell-300x75.jpg 300w, https:\/\/viasabadell.es\/wp-content\/uploads\/2020\/01\/nueva-web-del-centro-comercial-via-sabadell-1024x256.jpg 1024w, https:\/\/viasabadell.es\/wp-content\/uploads\/2020\/01\/nueva-web-del-centro-comercial-via-sabadell-768x192.jpg 768w, https:\/\/viasabadell.es\/wp-content\/uploads\/2020\/01\/nueva-web-del-centro-comercial-via-sabadell-580x145.jpg 580w, https:\/\/viasabadell.es\/wp-content\/uploads\/2020\/01\/nueva-web-del-centro-comercial-via-sabadell-860x215.jpg 860w, https:\/\/viasabadell.es\/wp-content\/uploads\/2020\/01\/nueva-web-del-centro-comercial-via-sabadell-1160x290.jpg 1160w\" sizes=\"auto, (max-width: 1200px) 100vw, 1200px\" \/><\/p>\n<div class=\"ebd-block \" data-type=\"heading\">\n<h2><\/h2>\n<h2><strong data-redactor-tag=\"strong\" data-verified=\"redactor\">\u00bfQuines s\u00f3n les parts de la nostra p\u00e0gina web?<\/strong><\/h2>\n<\/div>\n<div class=\"ebd-block \" data-type=\"text\">\n<p>Les parts principals de la web del nostre Centre Comercial s\u00f3n la cap\u00e7alera, el cos i el peu de la p\u00e0gina. Cadascun d&#8217;aquests elements \u00e9s funamental per a un disseny web s\u00f2lid<\/p>\n<p><strong>Cap\u00e7alera:<\/strong> La cap\u00e7alera es troba a la part superior de cada p\u00e0gina web i \u00e9s la primera part d&#8217;un lloc web que veuen els visitants o usuaris, adem\u00e9s de la m\u00e9s visible.<\/p>\n<p>Cont\u00e9 el t\u00edtol o logotip i el men\u00fa de navegaci\u00f3, i \u00e9s coherent en totes les p\u00e0gines del web, amb el mateix diseny i contingut en tot el site.<\/p>\n<p>El men\u00fa de navegaci\u00f3 enlla\u00e7a a les p\u00e0gines m\u00e9s importants del web, com pot ser els productes o serveis que oferim o les dades de contacte.<\/p>\n<p><strong data-redactor-tag=\"strong\" data-verified=\"redactor\">Cos del web: <\/strong>El cos del web \u00e9s la secci\u00f3 m\u00e9s gran d&#8217;un lloc web i inclou tot el contingut. El cos del web \u00e9s on probablement passar\u00e0s la major part del teu temps com a usuari. Sol incloure text, imatges, v\u00eddeos i suficients elements interactius per que no t&#8217;aborreixis i sobre tot per que trobis el que buscaves d&#8217;una manera r\u00e0pida i senzilla.<\/p>\n<p><strong>Peu de p\u00e0gina:<\/strong> De igual manera que la cap\u00e7alera, el peu de p\u00e0gina es troba a la part inferior de la p\u00e0gina web, encara que vali\u00f3s, sovint es passa per alt degut a que \u00e9s menys visible. Els visitants o usuaris que arriben al peu de p\u00e0gina ho fan normalment perqu\u00e8 busquen un contingut concret que saben que poden trobar all\u00e0, per aix\u00f2 hem decidit simplificar-lo al m\u00e0xim.<\/p>\n<p>&nbsp;<\/p>\n<\/div>\n<h3>Esperem de tot cor que el redisseny del nostre web sigui del teu gust i et sentis c\u00f2mode navegant per ella.<\/h3>\n<\/div>\n<\/div>\n<\/div>\n<\/div>\n<\/div>\n<\/div>\n<\/div>\n\n","protected":false},"excerpt":{"rendered":"<p>\u00bfTe pierdes en la inmensidad de cualquier web de un Centro Comercial? En Via Sabadell lo sabemos y<\/p>\n","protected":false},"author":1,"featured_media":9990,"comment_status":"closed","ping_status":"closed","sticky":false,"template":"","format":"standard","meta":{"footnotes":""},"categories":[20],"tags":[],"class_list":["post-1965","post","type-post","status-publish","format-standard","has-post-thumbnail","hentry","category-via-sabadell"],"_links":{"self":[{"href":"https:\/\/viasabadell.es\/ca\/wp-json\/wp\/v2\/posts\/1965","targetHints":{"allow":["GET"]}}],"collection":[{"href":"https:\/\/viasabadell.es\/ca\/wp-json\/wp\/v2\/posts"}],"about":[{"href":"https:\/\/viasabadell.es\/ca\/wp-json\/wp\/v2\/types\/post"}],"author":[{"embeddable":true,"href":"https:\/\/viasabadell.es\/ca\/wp-json\/wp\/v2\/users\/1"}],"replies":[{"embeddable":true,"href":"https:\/\/viasabadell.es\/ca\/wp-json\/wp\/v2\/comments?post=1965"}],"version-history":[{"count":0,"href":"https:\/\/viasabadell.es\/ca\/wp-json\/wp\/v2\/posts\/1965\/revisions"}],"wp:featuredmedia":[{"embeddable":true,"href":"https:\/\/viasabadell.es\/ca\/wp-json\/wp\/v2\/media\/9990"}],"wp:attachment":[{"href":"https:\/\/viasabadell.es\/ca\/wp-json\/wp\/v2\/media?parent=1965"}],"wp:term":[{"taxonomy":"category","embeddable":true,"href":"https:\/\/viasabadell.es\/ca\/wp-json\/wp\/v2\/categories?post=1965"},{"taxonomy":"post_tag","embeddable":true,"href":"https:\/\/viasabadell.es\/ca\/wp-json\/wp\/v2\/tags?post=1965"}],"curies":[{"name":"wp","href":"https:\/\/api.w.org\/{rel}","templated":true}]}}